{"id":22634,"date":"2022-10-18T17:13:19","date_gmt":"2022-10-18T15:13:19","guid":{"rendered":"http:\/\/www.k2glass.es\/facades-en-verre-trempe\/"},"modified":"2022-10-18T17:13:20","modified_gmt":"2022-10-18T15:13:20","slug":"facades-en-verre-trempe","status":"publish","type":"post","link":"http:\/\/www.k2glass.es\/fr\/facades-en-verre-trempe\/","title":{"rendered":"Fa\u00e7ades en verre tremp\u00e9"},"content":{"rendered":"\t\t<div data-elementor-type=\"wp-post\" data-elementor-id=\"22634\" class=\"elementor elementor-22634 elementor-22606\" data-elementor-settings=\"[]\">\n\t\t\t\t\t\t<div class=\"elementor-inner\">\n\t\t\t\t\t\t\t<div class=\"elementor-section-wrap\">\n\t\t\t\t\t\t\t<section class=\"elementor-section elementor-top-section elementor-element elementor-element-d88fc4b elementor-section-boxed elementor-section-height-default elementor-section-height-default neuron-fixed-no\" data-id=\"d88fc4b\" data-element_type=\"section\">\n\t\t\t\t\t\t<div class=\"elementor-container elementor-column-gap-default\">\n\t\t\t\t\t\t\t<div class=\"elementor-row\">\n\t\t\t\t\t<div class=\"elementor-column elementor-col-100 elementor-top-column elementor-element elementor-element-fbc6063\" data-id=\"fbc6063\" data-element_type=\"column\">\n\t\t\t<div class=\"elementor-column-wrap elementor-element-populated\">\n\t\t\t\t\t\t\t<div class=\"elementor-widget-wrap\">\n\t\t\t\t\t\t<div class=\"elementor-element elementor-element-fee0c8b elementor-widget elementor-widget-heading\" data-id=\"fee0c8b\" data-element_type=\"widget\" data-widget_type=\"heading.default\">\n\t\t\t\t<div class=\"elementor-widget-container\">\n\t\t\t<h2 class=\"elementor-heading-title elementor-size-default\"><p style=\"margin-top: 0pt; margin-bottom: 0pt; direction: ltr; unicode-bidi: embed; vertical-align: baseline;\"><span style=\"font-family:\"Bahnschrift Condensed\"; mso-ascii-font-family:\"Bahnschrift Condensed\";mso-fareast-font-family:+mn-ea; mso-bidi-font-family:Arial;mso-fareast-theme-font:minor-fareast;color:#00B0F0; letter-spacing:3.0pt;mso-font-kerning:12.0pt;language:es;mso-style-textfill-type: solid;mso-style-textfill-fill-color:#00B0F0;mso-style-textfill-fill-alpha:100.0%\">VERRE TREMP\u00c9 S\u00c9RIGRAPHI\u00c9<\/span><\/p><\/h2>\t\t<\/div>\n\t\t\t\t<\/div>\n\t\t\t\t\t\t<\/div>\n\t\t\t\t\t<\/div>\n\t\t<\/div>\n\t\t\t\t\t\t\t\t<\/div>\n\t\t\t\t\t<\/div>\n\t\t<\/section>\n\t\t\t\t<section class=\"elementor-section elementor-top-section elementor-element elementor-element-ecd62a9 elementor-section-boxed elementor-section-height-default elementor-section-height-default neuron-fixed-no\" data-id=\"ecd62a9\" data-element_type=\"section\">\n\t\t\t\t\t\t<div class=\"elementor-container elementor-column-gap-default\">\n\t\t\t\t\t\t\t<div class=\"elementor-row\">\n\t\t\t\t\t<div class=\"elementor-column elementor-col-100 elementor-top-column elementor-element elementor-element-fdcb83d\" data-id=\"fdcb83d\" data-element_type=\"column\">\n\t\t\t<div class=\"elementor-column-wrap elementor-element-populated\">\n\t\t\t\t\t\t\t<div class=\"elementor-widget-wrap\">\n\t\t\t\t\t\t<div class=\"elementor-element elementor-element-15b491b elementor-widget elementor-widget-text-editor\" data-id=\"15b491b\" data-element_type=\"widget\" data-widget_type=\"text-editor.default\">\n\t\t\t\t<div class=\"elementor-widget-container\">\n\t\t\t\t\t\t\t\t<div class=\"elementor-text-editor elementor-clearfix\">\n\t\t\t\t<p>Fabrication de verre feuillet\u00e9 tremp\u00e9 encapsulant une s\u00e9rigraphie \u00e0 rayures.<\/p>\n\t\t\t\t\t<\/div>\n\t\t\t\t\t\t<\/div>\n\t\t\t\t<\/div>\n\t\t\t\t\t\t<\/div>\n\t\t\t\t\t<\/div>\n\t\t<\/div>\n\t\t\t\t\t\t\t\t<\/div>\n\t\t\t\t\t<\/div>\n\t\t<\/section>\n\t\t\t\t<section class=\"elementor-section elementor-top-section elementor-element elementor-element-9addaf7 elementor-section-boxed elementor-section-height-default elementor-section-height-default neuron-fixed-no\" data-id=\"9addaf7\" data-element_type=\"section\">\n\t\t\t\t\t\t<div class=\"elementor-container elementor-column-gap-default\">\n\t\t\t\t\t\t\t<div class=\"elementor-row\">\n\t\t\t\t\t<div class=\"elementor-column elementor-col-100 elementor-top-column elementor-element elementor-element-1da1032\" data-id=\"1da1032\" data-element_type=\"column\">\n\t\t\t<div class=\"elementor-column-wrap elementor-element-populated\">\n\t\t\t\t\t\t\t<div class=\"elementor-widget-wrap\">\n\t\t\t\t\t\t<div class=\"elementor-element elementor-element-27176c2 elementor-widget elementor-widget-image\" data-id=\"27176c2\" data-element_type=\"widget\" data-widget_type=\"image.default\">\n\t\t\t\t<div class=\"elementor-widget-container\">\n\t\t\t\t\t\t\t\t<div class=\"elementor-image\">\n\t\t\t\t\t\t\t\t\t\t\t\t<img width=\"789\" height=\"508\" src=\"http:\/\/www.k2glass.es\/wp-content\/uploads\/2022\/10\/IMGP1054-copia.jpg\" class=\"attachment-large size-large\" alt=\"\" loading=\"lazy\" srcset=\"http:\/\/www.k2glass.es\/wp-content\/uploads\/2022\/10\/IMGP1054-copia.jpg 789w, http:\/\/www.k2glass.es\/wp-content\/uploads\/2022\/10\/IMGP1054-copia-300x193.jpg 300w, http:\/\/www.k2glass.es\/wp-content\/uploads\/2022\/10\/IMGP1054-copia-768x494.jpg 768w\" sizes=\"(max-width: 789px) 100vw, 789px\" \/>\t\t\t\t\t\t\t\t\t\t\t\t\t\t<\/div>\n\t\t\t\t\t\t<\/div>\n\t\t\t\t<\/div>\n\t\t\t\t\t\t<\/div>\n\t\t\t\t\t<\/div>\n\t\t<\/div>\n\t\t\t\t\t\t\t\t<\/div>\n\t\t\t\t\t<\/div>\n\t\t<\/section>\n\t\t\t\t<section class=\"elementor-section elementor-top-section elementor-element elementor-element-923cfd1 elementor-section-boxed elementor-section-height-default elementor-section-height-default neuron-fixed-no\" data-id=\"923cfd1\" data-element_type=\"section\">\n\t\t\t\t\t\t<div class=\"elementor-container elementor-column-gap-default\">\n\t\t\t\t\t\t\t<div class=\"elementor-row\">\n\t\t\t\t\t<div class=\"elementor-column elementor-col-100 elementor-top-column elementor-element elementor-element-038aa15\" data-id=\"038aa15\" data-element_type=\"column\">\n\t\t\t<div class=\"elementor-column-wrap elementor-element-populated\">\n\t\t\t\t\t\t\t<div class=\"elementor-widget-wrap\">\n\t\t\t\t\t\t<div class=\"elementor-element elementor-element-759873c elementor-widget elementor-widget-image\" data-id=\"759873c\" data-element_type=\"widget\" data-widget_type=\"image.default\">\n\t\t\t\t<div class=\"elementor-widget-container\">\n\t\t\t\t\t\t\t\t<div class=\"elementor-image\">\n\t\t\t\t\t\t\t\t\t\t\t\t<img width=\"789\" height=\"502\" src=\"http:\/\/www.k2glass.es\/wp-content\/uploads\/2022\/10\/IMGP1055-1.jpg\" class=\"attachment-large size-large\" alt=\"\" loading=\"lazy\" srcset=\"http:\/\/www.k2glass.es\/wp-content\/uploads\/2022\/10\/IMGP1055-1.jpg 789w, http:\/\/www.k2glass.es\/wp-content\/uploads\/2022\/10\/IMGP1055-1-300x191.jpg 300w, http:\/\/www.k2glass.es\/wp-content\/uploads\/2022\/10\/IMGP1055-1-768x489.jpg 768w\" sizes=\"(max-width: 789px) 100vw, 789px\" \/>\t\t\t\t\t\t\t\t\t\t\t\t\t\t<\/div>\n\t\t\t\t\t\t<\/div>\n\t\t\t\t<\/div>\n\t\t\t\t\t\t<\/div>\n\t\t\t\t\t<\/div>\n\t\t<\/div>\n\t\t\t\t\t\t\t\t<\/div>\n\t\t\t\t\t<\/div>\n\t\t<\/section>\n\t\t\t\t\t\t<\/div>\n\t\t\t\t\t\t<\/div>\n\t\t\t\t\t<\/div>\n\t\t","protected":false},"excerpt":{"rendered":"<p>VERRE TREMP\u00c9 S\u00c9RIGRAPHI\u00c9 Fabrication de verre feuillet\u00e9 tremp\u00e9 encapsulant une s\u00e9rigraphie \u00e0 rayures.<\/p>\n","protected":false},"author":2,"featured_media":22610,"comment_status":"closed","ping_status":"closed","sticky":false,"template":"","format":"standard","meta":[],"categories":[81,82],"tags":[],"yoast_head":"<!-- This site is optimized with the Yoast SEO plugin v18.2 - https:\/\/yoast.com\/wordpress\/plugins\/seo\/ -->\n<title>Fa\u00e7ades en verre tremp\u00e9 - K2 Glass<\/title>\n<meta name=\"robots\" content=\"index, follow, max-snippet:-1, max-image-preview:large, max-video-preview:-1\" \/>\n<link rel=\"canonical\" href=\"https:\/\/www.k2glass.es\/fr\/facades-en-verre-trempe\/\" \/>\n<meta property=\"og:locale\" content=\"fr_FR\" \/>\n<meta property=\"og:type\" content=\"article\" \/>\n<meta property=\"og:title\" content=\"Fa\u00e7ades en verre tremp\u00e9 - K2 Glass\" \/>\n<meta property=\"og:description\" content=\"VERRE TREMP\u00c9 S\u00c9RIGRAPHI\u00c9 Fabrication de verre feuillet\u00e9 tremp\u00e9 encapsulant une s\u00e9rigraphie \u00e0 rayures.\" \/>\n<meta property=\"og:url\" content=\"https:\/\/www.k2glass.es\/fr\/facades-en-verre-trempe\/\" \/>\n<meta property=\"og:site_name\" content=\"K2 Glass\" \/>\n<meta property=\"article:published_time\" content=\"2022-10-18T15:13:19+00:00\" \/>\n<meta property=\"article:modified_time\" content=\"2022-10-18T15:13:20+00:00\" \/>\n<meta property=\"og:image\" content=\"https:\/\/www.k2glass.es\/wp-content\/uploads\/2022\/10\/1200px-Vitoria_-_Barrio_de_Salburua_Calle_Madrid_1.jpg\" \/>\n\t<meta property=\"og:image:width\" content=\"1200\" \/>\n\t<meta property=\"og:image:height\" content=\"900\" \/>\n\t<meta property=\"og:image:type\" content=\"image\/jpeg\" \/>\n<meta name=\"twitter:card\" content=\"summary_large_image\" \/>\n<meta name=\"twitter:label1\" content=\"\u00c9crit par\" \/>\n\t<meta name=\"twitter:data1\" content=\"Frederic\" \/>\n<script type=\"application\/ld+json\" class=\"yoast-schema-graph\">{\"@context\":\"https:\/\/schema.org\",\"@graph\":[{\"@type\":\"WebSite\",\"@id\":\"http:\/\/www.k2glass.es\/#website\",\"url\":\"http:\/\/www.k2glass.es\/\",\"name\":\"K2 Glass\",\"description\":\"Proyectos integrales en vidrio\",\"potentialAction\":[{\"@type\":\"SearchAction\",\"target\":{\"@type\":\"EntryPoint\",\"urlTemplate\":\"http:\/\/www.k2glass.es\/?s={search_term_string}\"},\"query-input\":\"required name=search_term_string\"}],\"inLanguage\":\"fr-FR\"},{\"@type\":\"ImageObject\",\"@id\":\"https:\/\/www.k2glass.es\/fr\/facades-en-verre-trempe\/#primaryimage\",\"inLanguage\":\"fr-FR\",\"url\":\"http:\/\/www.k2glass.es\/wp-content\/uploads\/2022\/10\/1200px-Vitoria_-_Barrio_de_Salburua_Calle_Madrid_1.jpg\",\"contentUrl\":\"http:\/\/www.k2glass.es\/wp-content\/uploads\/2022\/10\/1200px-Vitoria_-_Barrio_de_Salburua_Calle_Madrid_1.jpg\",\"width\":1200,\"height\":900,\"caption\":\"Fachadas de vidrio templado\"},{\"@type\":\"WebPage\",\"@id\":\"https:\/\/www.k2glass.es\/fr\/facades-en-verre-trempe\/#webpage\",\"url\":\"https:\/\/www.k2glass.es\/fr\/facades-en-verre-trempe\/\",\"name\":\"Fa\u00e7ades en verre tremp\u00e9 - K2 Glass\",\"isPartOf\":{\"@id\":\"http:\/\/www.k2glass.es\/#website\"},\"primaryImageOfPage\":{\"@id\":\"https:\/\/www.k2glass.es\/fr\/facades-en-verre-trempe\/#primaryimage\"},\"datePublished\":\"2022-10-18T15:13:19+00:00\",\"dateModified\":\"2022-10-18T15:13:20+00:00\",\"author\":{\"@id\":\"http:\/\/www.k2glass.es\/#\/schema\/person\/8482786fff4652c142f734e9261c7cc5\"},\"breadcrumb\":{\"@id\":\"https:\/\/www.k2glass.es\/fr\/facades-en-verre-trempe\/#breadcrumb\"},\"inLanguage\":\"fr-FR\",\"potentialAction\":[{\"@type\":\"ReadAction\",\"target\":[\"https:\/\/www.k2glass.es\/fr\/facades-en-verre-trempe\/\"]}]},{\"@type\":\"BreadcrumbList\",\"@id\":\"https:\/\/www.k2glass.es\/fr\/facades-en-verre-trempe\/#breadcrumb\",\"itemListElement\":[{\"@type\":\"ListItem\",\"position\":1,\"name\":\"Portada\",\"item\":\"http:\/\/www.k2glass.es\/\"},{\"@type\":\"ListItem\",\"position\":2,\"name\":\"Fa\u00e7ades en verre tremp\u00e9\"}]},{\"@type\":\"Person\",\"@id\":\"http:\/\/www.k2glass.es\/#\/schema\/person\/8482786fff4652c142f734e9261c7cc5\",\"name\":\"Frederic\",\"image\":{\"@type\":\"ImageObject\",\"@id\":\"http:\/\/www.k2glass.es\/#personlogo\",\"inLanguage\":\"fr-FR\",\"url\":\"http:\/\/2.gravatar.com\/avatar\/8599c734f10359da937a2b72cf0909e2?s=96&d=mm&r=g\",\"contentUrl\":\"http:\/\/2.gravatar.com\/avatar\/8599c734f10359da937a2b72cf0909e2?s=96&d=mm&r=g\",\"caption\":\"Frederic\"},\"url\":\"http:\/\/www.k2glass.es\/fr\/author\/frederic\/\"}]}<\/script>\n<!-- \/ Yoast SEO plugin. -->","yoast_head_json":{"title":"Fa\u00e7ades en verre tremp\u00e9 - K2 Glass","robots":{"index":"index","follow":"follow","max-snippet":"max-snippet:-1","max-image-preview":"max-image-preview:large","max-video-preview":"max-video-preview:-1"},"canonical":"https:\/\/www.k2glass.es\/fr\/facades-en-verre-trempe\/","og_locale":"fr_FR","og_type":"article","og_title":"Fa\u00e7ades en verre tremp\u00e9 - K2 Glass","og_description":"VERRE TREMP\u00c9 S\u00c9RIGRAPHI\u00c9 Fabrication de verre feuillet\u00e9 tremp\u00e9 encapsulant une s\u00e9rigraphie \u00e0 rayures.","og_url":"https:\/\/www.k2glass.es\/fr\/facades-en-verre-trempe\/","og_site_name":"K2 Glass","article_published_time":"2022-10-18T15:13:19+00:00","article_modified_time":"2022-10-18T15:13:20+00:00","og_image":[{"width":1200,"height":900,"url":"https:\/\/www.k2glass.es\/wp-content\/uploads\/2022\/10\/1200px-Vitoria_-_Barrio_de_Salburua_Calle_Madrid_1.jpg","type":"image\/jpeg"}],"twitter_card":"summary_large_image","twitter_misc":{"\u00c9crit par":"Frederic"},"schema":{"@context":"https:\/\/schema.org","@graph":[{"@type":"WebSite","@id":"http:\/\/www.k2glass.es\/#website","url":"http:\/\/www.k2glass.es\/","name":"K2 Glass","description":"Proyectos integrales en vidrio","potentialAction":[{"@type":"SearchAction","target":{"@type":"EntryPoint","urlTemplate":"http:\/\/www.k2glass.es\/?s={search_term_string}"},"query-input":"required name=search_term_string"}],"inLanguage":"fr-FR"},{"@type":"ImageObject","@id":"https:\/\/www.k2glass.es\/fr\/facades-en-verre-trempe\/#primaryimage","inLanguage":"fr-FR","url":"http:\/\/www.k2glass.es\/wp-content\/uploads\/2022\/10\/1200px-Vitoria_-_Barrio_de_Salburua_Calle_Madrid_1.jpg","contentUrl":"http:\/\/www.k2glass.es\/wp-content\/uploads\/2022\/10\/1200px-Vitoria_-_Barrio_de_Salburua_Calle_Madrid_1.jpg","width":1200,"height":900,"caption":"Fachadas de vidrio templado"},{"@type":"WebPage","@id":"https:\/\/www.k2glass.es\/fr\/facades-en-verre-trempe\/#webpage","url":"https:\/\/www.k2glass.es\/fr\/facades-en-verre-trempe\/","name":"Fa\u00e7ades en verre tremp\u00e9 - K2 Glass","isPartOf":{"@id":"http:\/\/www.k2glass.es\/#website"},"primaryImageOfPage":{"@id":"https:\/\/www.k2glass.es\/fr\/facades-en-verre-trempe\/#primaryimage"},"datePublished":"2022-10-18T15:13:19+00:00","dateModified":"2022-10-18T15:13:20+00:00","author":{"@id":"http:\/\/www.k2glass.es\/#\/schema\/person\/8482786fff4652c142f734e9261c7cc5"},"breadcrumb":{"@id":"https:\/\/www.k2glass.es\/fr\/facades-en-verre-trempe\/#breadcrumb"},"inLanguage":"fr-FR","potentialAction":[{"@type":"ReadAction","target":["https:\/\/www.k2glass.es\/fr\/facades-en-verre-trempe\/"]}]},{"@type":"BreadcrumbList","@id":"https:\/\/www.k2glass.es\/fr\/facades-en-verre-trempe\/#breadcrumb","itemListElement":[{"@type":"ListItem","position":1,"name":"Portada","item":"http:\/\/www.k2glass.es\/"},{"@type":"ListItem","position":2,"name":"Fa\u00e7ades en verre tremp\u00e9"}]},{"@type":"Person","@id":"http:\/\/www.k2glass.es\/#\/schema\/person\/8482786fff4652c142f734e9261c7cc5","name":"Frederic","image":{"@type":"ImageObject","@id":"http:\/\/www.k2glass.es\/#personlogo","inLanguage":"fr-FR","url":"http:\/\/2.gravatar.com\/avatar\/8599c734f10359da937a2b72cf0909e2?s=96&d=mm&r=g","contentUrl":"http:\/\/2.gravatar.com\/avatar\/8599c734f10359da937a2b72cf0909e2?s=96&d=mm&r=g","caption":"Frederic"},"url":"http:\/\/www.k2glass.es\/fr\/author\/frederic\/"}]}},"acf":[],"_links":{"self":[{"href":"http:\/\/www.k2glass.es\/fr\/wp-json\/wp\/v2\/posts\/22634"}],"collection":[{"href":"http:\/\/www.k2glass.es\/fr\/wp-json\/wp\/v2\/posts"}],"about":[{"href":"http:\/\/www.k2glass.es\/fr\/wp-json\/wp\/v2\/types\/post"}],"author":[{"embeddable":true,"href":"http:\/\/www.k2glass.es\/fr\/wp-json\/wp\/v2\/users\/2"}],"replies":[{"embeddable":true,"href":"http:\/\/www.k2glass.es\/fr\/wp-json\/wp\/v2\/comments?post=22634"}],"version-history":[{"count":1,"href":"http:\/\/www.k2glass.es\/fr\/wp-json\/wp\/v2\/posts\/22634\/revisions"}],"predecessor-version":[{"id":22635,"href":"http:\/\/www.k2glass.es\/fr\/wp-json\/wp\/v2\/posts\/22634\/revisions\/22635"}],"wp:featuredmedia":[{"embeddable":true,"href":"http:\/\/www.k2glass.es\/fr\/wp-json\/wp\/v2\/media\/22610"}],"wp:attachment":[{"href":"http:\/\/www.k2glass.es\/fr\/wp-json\/wp\/v2\/media?parent=22634"}],"wp:term":[{"taxonomy":"category","embeddable":true,"href":"http:\/\/www.k2glass.es\/fr\/wp-json\/wp\/v2\/categories?post=22634"},{"taxonomy":"post_tag","embeddable":true,"href":"http:\/\/www.k2glass.es\/fr\/wp-json\/wp\/v2\/tags?post=22634"}],"curies":[{"name":"wp","href":"https:\/\/api.w.org\/{rel}","templated":true}]}}